{"id":8446,"date":"2021-09-22T19:52:59","date_gmt":"2021-09-22T19:52:59","guid":{"rendered":"https:\/\/mem.gob.do\/transparencia\/?p=8446"},"modified":"2021-09-28T13:50:33","modified_gmt":"2021-09-28T13:50:33","slug":"mem-ccc-12-2021-montaje-de-evento-para-la-realizacion-del-congreso-nacional-de-ahorro-energetico-pter","status":"publish","type":"post","link":"https:\/\/mem.gob.do\/transparencia\/mem-ccc-12-2021-montaje-de-evento-para-la-realizacion-del-congreso-nacional-de-ahorro-energetico-pter\/","title":{"rendered":"MEM-CCC-2021-0003 \u00abMontaje de Evento para la Realizaci\u00f3n del Congreso Nacional de Ahorro Energ\u00e9tico PTER\u00bb"},"content":{"rendered":"\n<p><\/p>\n\n\n\n<p><strong>Pliego Cancelado<\/strong><\/p>\n\n\n\n<p><strong>Convocatoria a Comparaci\u00f3n de precios<\/strong><\/p>\n\n\n\n<p><strong>MEM-CCC-CP-202<\/strong>21-0003<\/p>\n\n\n\n<p>\u00ab<strong>MONTAJE DE EVENTO PARA LA REALIZACION DEL CONGRESO NACIONAL DE AHORRO ENERGETICO PTER\u00bb.<\/strong><\/p>\n\n\n\n<p>El Ministerio de Energ\u00eda y Minas, en cumplimiento de las disposiciones de la Ley No. 340-06 sobre Compras y Contrataciones P\u00fablicas de Bienes, Servicios, Obras y Concesiones de fecha dieciocho (18) de agosto de dos mil seis (2006), modificada por la Ley No. 449-06 de fecha seis (06) de diciembre de dos mil seis (2006) y su Reglamento de Aplicaci\u00f3n No. 543-12, convoca a todos los interesados a presentar propuestas para EL: <strong>\u201cMONTAJE DE EVENTO PARA LA REALIZACION DEL CONGRESO NACIONAL DE AHORRO ENERGETICO PTER\u201d.<\/strong><\/p>\n\n\n\n<p>Los interesados en retirar las Especificaciones T\u00e9cnicas deber\u00e1n dirigirse a la&nbsp;<strong><em>Avenida Tiradentes No. 53, esquina Heriberto Pieter, Edificio B, primer piso, Ensanche Naco,<\/em><\/strong>&nbsp;Ministerio de Energ\u00eda y Minas, Compras y Contrataciones, en horario de 8:00 a.m. a 4:00 p.m. de lunes a viernes. Tambi\u00e9n pueden descargarlo del portal de la DGCP- <a href=\"http:\/\/www.comprasdominicana.gov.do\/\">www.comprasdominicana.gov.do<\/a>, o del portal del Ministerio de Energ\u00eda y Minas&nbsp;<a href=\"http:\/\/www.mem.gob.do\/\">www.mem.gob.do<\/a>&nbsp;a los fines de&nbsp; la elaboraci\u00f3n de&nbsp; sus propuestas.<\/p>\n\n\n\n<p>Las propuestas ser\u00e1n recibidas del&nbsp;<strong>20 al 30&nbsp;de septiembre del 2021<\/strong>, las mismas ser\u00e1n recibidas hasta las 10:00 a.m.<\/p>\n\n\n\n<p>Todos los interesados deber\u00e1n estar inscritos en el Registro de Proveedores del Estado administrado por la Direcci\u00f3n General de Contrataciones P\u00fablicas.<\/p>\n\n\n\n<p><strong>Freddy Flori\u00e1n Lara Felipe<\/strong><\/p>\n\n\n\n<p>Presidente del Comit\u00e9 de Compras y Contrataciones<\/p>\n\n\n\n<p><\/p>\n","protected":false},"excerpt":{"rendered":"<p>Pliego Cancelado Convocatoria a Comparaci\u00f3n de precios MEM-CCC-CP-20221-0003 \u00abMONTAJE DE EVENTO PARA LA REALIZACION DEL CONGRESO NACIONAL DE AHORRO ENERGETICO PTER\u00bb. El Ministerio de Energ\u00eda y Minas, en cumplimiento de las disposiciones de la Ley No. 340-06 sobre Compras y Contrataciones P\u00fablicas de Bienes, Servicios, Obras y Concesiones de fecha dieciocho (18) de agosto de [&hellip;]<\/p>\n","protected":false},"author":11,"featured_media":0,"comment_status":"open","ping_status":"open","sticky":false,"template":"","format":"standard","meta":{"_monsterinsights_skip_tracking":false,"_monsterinsights_sitenote_active":false,"_monsterinsights_sitenote_note":"","_monsterinsights_sitenote_category":0,"footnotes":""},"categories":[385,318],"tags":[],"class_list":["post-8446","post","type-post","status-publish","format-standard","hentry","category-septiembre-comparaciones-de-precios","category-2021-comparaciones-de-precios"],"_links":{"self":[{"href":"https:\/\/mem.gob.do\/transparencia\/wp-json\/wp\/v2\/posts\/8446","targetHints":{"allow":["GET"]}}],"collection":[{"href":"https:\/\/mem.gob.do\/transparencia\/wp-json\/wp\/v2\/posts"}],"about":[{"href":"https:\/\/mem.gob.do\/transparencia\/wp-json\/wp\/v2\/types\/post"}],"author":[{"embeddable":true,"href":"https:\/\/mem.gob.do\/transparencia\/wp-json\/wp\/v2\/users\/11"}],"replies":[{"embeddable":true,"href":"https:\/\/mem.gob.do\/transparencia\/wp-json\/wp\/v2\/comments?post=8446"}],"version-history":[{"count":10,"href":"https:\/\/mem.gob.do\/transparencia\/wp-json\/wp\/v2\/posts\/8446\/revisions"}],"predecessor-version":[{"id":8472,"href":"https:\/\/mem.gob.do\/transparencia\/wp-json\/wp\/v2\/posts\/8446\/revisions\/8472"}],"wp:attachment":[{"href":"https:\/\/mem.gob.do\/transparencia\/wp-json\/wp\/v2\/media?parent=8446"}],"wp:term":[{"taxonomy":"category","embeddable":true,"href":"https:\/\/mem.gob.do\/transparencia\/wp-json\/wp\/v2\/categories?post=8446"},{"taxonomy":"post_tag","embeddable":true,"href":"https:\/\/mem.gob.do\/transparencia\/wp-json\/wp\/v2\/tags?post=8446"}],"curies":[{"name":"wp","href":"https:\/\/api.w.org\/{rel}","templated":true}]}}